{"id":1,"date":"2022-01-14T12:40:50","date_gmt":"2022-01-14T12:40:50","guid":{"rendered":"https:\/\/www.juriplus.pro\/?p=1"},"modified":"2022-04-06T09:10:37","modified_gmt":"2022-04-06T07:10:37","slug":"les-marches-publics-face-a-la-flambee-des-prix-et-au-risque-de-penurie-des-matieres-premieres","status":"publish","type":"post","link":"https:\/\/www.juriplus.pro\/index.php\/les-marches-publics-face-a-la-flambee-des-prix-et-au-risque-de-penurie-des-matieres-premieres\/","title":{"rendered":"Les march\u00e9s publics face \u00e0 la flamb\u00e9e des prix et au risque de p\u00e9nurie des mati\u00e8res premi\u00e8res"},"content":{"rendered":"\t\t<div data-elementor-type=\"wp-post\" data-elementor-id=\"1\" class=\"elementor elementor-1\" data-elementor-post-type=\"post\">\n\t\t\t\t\t\t<section class=\"elementor-section elementor-top-section elementor-element elementor-element-5228852b elementor-section-boxed elementor-section-height-default elementor-section-height-default\" data-id=\"5228852b\" data-element_type=\"section\">\n\t\t\t\t\t\t<div class=\"elementor-container elementor-column-gap-default\">\n\t\t\t\t\t<div class=\"elementor-column elementor-col-50 elementor-top-column elementor-element elementor-element-3e22493\" data-id=\"3e22493\" data-element_type=\"column\">\n\t\t\t<div class=\"elementor-widget-wrap elementor-element-populated\">\n\t\t\t\t\t\t<div class=\"elementor-element elementor-element-4779e6dd elementor-widget elementor-widget-text-editor\" data-id=\"4779e6dd\" data-element_type=\"widget\" data-widget_type=\"text-editor.default\">\n\t\t\t\t<div class=\"elementor-widget-container\">\n\t\t\t\t\t\t\t\t\t\n<p>Le Premier Ministre a publi\u00e9 le 30 mars dernier une circulaire visant \u00e0 sensibiliser les collectivit\u00e9s locales et leurs \u00e9tablissements publics sur l\u2019inflation des prix et sur les risques de p\u00e9nuries des mati\u00e8res premi\u00e8res, ayant un fort impact sur l\u2019ex\u00e9cution des march\u00e9s publics.<\/p>\n<p>A cette fin, il rappelle les possibilit\u00e9s auxquelles les acheteurs peuvent avoir recours\u00a0:<\/p>\n<ul>\n<li>Modification des contrats en cours d\u2019ex\u00e9cution<\/li>\n<li>Application de la th\u00e9orie de l\u2019impr\u00e9vision aux contrats administratifs<\/li>\n<li>Insertion des clauses de r\u00e9vision de prix pour les futurs contrats<\/li>\n<\/ul>\n<p>Le gel de p\u00e9nalit\u00e9s contractuelles pr\u00e9vues aux contrats<\/p>\n\t\t\t\t\t\t\t\t<\/div>\n\t\t\t\t<\/div>\n\t\t\t\t\t<\/div>\n\t\t<\/div>\n\t\t\t\t<div class=\"elementor-column elementor-col-50 elementor-top-column elementor-element elementor-element-94b20eb\" data-id=\"94b20eb\" data-element_type=\"column\">\n\t\t\t<div class=\"elementor-widget-wrap elementor-element-populated\">\n\t\t\t\t\t\t<div class=\"elementor-element elementor-element-1060f22 elementor-widget elementor-widget-image\" data-id=\"1060f22\" data-element_type=\"widget\" data-widget_type=\"image.default\">\n\t\t\t\t<div class=\"elementor-widget-container\">\n\t\t\t\t\t\t\t\t\t\t\t\t\t\t\t<img decoding=\"async\" width=\"286\" height=\"166\" src=\"https:\/\/www.juriplus.pro\/wp-content\/uploads\/2022\/01\/Image1.jpg\" class=\"attachment-medium_large size-medium_large wp-image-506\" alt=\"les march\u00e9s publics\" \/>\t\t\t\t\t\t\t\t\t\t\t\t\t\t\t<\/div>\n\t\t\t\t<\/div>\n\t\t\t\t<div class=\"elementor-element elementor-element-b099571 elementor-widget elementor-widget-text-editor\" data-id=\"b099571\" data-element_type=\"widget\" data-widget_type=\"text-editor.default\">\n\t\t\t\t<div class=\"elementor-widget-container\">\n\t\t\t\t\t\t\t\t\t\n<p><span style=\"text-decoration: underline;\"><strong>Lien de l&rsquo;article :<\/strong><\/span> <a href=\"https:\/\/www.economie.gouv.fr\/daj\/nouvelle-circulaire-pour-faire-face-la-flambee-des-prix-dans-les-marches-publics\">Nouvelle circulaire pour faire face \u00e0 la flamb\u00e9e des prix dans les march\u00e9s publics | economie.gouv.fr<\/a>\u00a0<\/p>\n\t\t\t\t\t\t\t\t<\/div>\n\t\t\t\t<\/div>\n\t\t\t\t\t<\/div>\n\t\t<\/div>\n\t\t\t\t\t<\/div>\n\t\t<\/section>\n\t\t\t\t<\/div>\n\t\t","protected":false},"excerpt":{"rendered":"<p>Le Premier Ministre a publi\u00e9 le 30 mars dernier une circulaire visant \u00e0 sensibiliser les collectivit\u00e9s locales et leurs \u00e9tablissements publics sur l\u2019inflation des prix et sur les risques de p\u00e9nuries des mati\u00e8res premi\u00e8res, ayant un fort impact sur l\u2019ex\u00e9cution des march\u00e9s publics. A cette fin, il rappelle les possibilit\u00e9s auxquelles les acheteurs peuvent avoir [&hellip;]<\/p>\n","protected":false},"author":1,"featured_media":506,"comment_status":"open","ping_status":"open","sticky":false,"template":"","format":"standard","meta":{"footnotes":""},"categories":[1],"tags":[],"class_list":["post-1","post","type-post","status-publish","format-standard","has-post-thumbnail","hentry","category-uncategorized"],"_links":{"self":[{"href":"https:\/\/www.juriplus.pro\/index.php\/wp-json\/wp\/v2\/posts\/1","targetHints":{"allow":["GET"]}}],"collection":[{"href":"https:\/\/www.juriplus.pro\/index.php\/wp-json\/wp\/v2\/posts"}],"about":[{"href":"https:\/\/www.juriplus.pro\/index.php\/wp-json\/wp\/v2\/types\/post"}],"author":[{"embeddable":true,"href":"https:\/\/www.juriplus.pro\/index.php\/wp-json\/wp\/v2\/users\/1"}],"replies":[{"embeddable":true,"href":"https:\/\/www.juriplus.pro\/index.php\/wp-json\/wp\/v2\/comments?post=1"}],"version-history":[{"count":14,"href":"https:\/\/www.juriplus.pro\/index.php\/wp-json\/wp\/v2\/posts\/1\/revisions"}],"predecessor-version":[{"id":527,"href":"https:\/\/www.juriplus.pro\/index.php\/wp-json\/wp\/v2\/posts\/1\/revisions\/527"}],"wp:featuredmedia":[{"embeddable":true,"href":"https:\/\/www.juriplus.pro\/index.php\/wp-json\/wp\/v2\/media\/506"}],"wp:attachment":[{"href":"https:\/\/www.juriplus.pro\/index.php\/wp-json\/wp\/v2\/media?parent=1"}],"wp:term":[{"taxonomy":"category","embeddable":true,"href":"https:\/\/www.juriplus.pro\/index.php\/wp-json\/wp\/v2\/categories?post=1"},{"taxonomy":"post_tag","embeddable":true,"href":"https:\/\/www.juriplus.pro\/index.php\/wp-json\/wp\/v2\/tags?post=1"}],"curies":[{"name":"wp","href":"https:\/\/api.w.org\/{rel}","templated":true}]}}